{"id":1109,"date":"2026-07-04T16:21:53","date_gmt":"2026-07-04T16:21:53","guid":{"rendered":"https:\/\/actualidadcorrientes.com.ar\/?p=1109"},"modified":"2026-07-04T16:21:53","modified_gmt":"2026-07-04T16:21:53","slug":"hallaron-un-cuerpo-en-la-costa-de-uruguay-e-investigan-si-es-uno-de-los-pescadores-desaparecidos-en-el-rio-de-la-plata","status":"publish","type":"post","link":"https:\/\/actualidadcorrientes.com.ar\/?p=1109","title":{"rendered":"Hallaron un cuerpo en la costa de Uruguay e investigan si es uno de los pescadores desaparecidos en el R\u00edo de La Plata"},"content":{"rendered":"<p class=\"paragraph\" data-mrf-recirculation=\"Links inline\">Un\u00a0cuerpo sin vida\u00a0fue hallado en las \u00faltimas horas en la\u00a0costa de Atl\u00e1ntida, en el departamento uruguayo de\u00a0Canelones, y la Justicia investiga si corresponde a uno de los\u00a0cinco\u00a0pescadores argentinos desaparecidos\u00a0el pasado 14 de junio cuando salieron en lancha al\u00a0R\u00edo de la Plata.<\/p>\n<p class=\"paragraph\" data-mrf-recirculation=\"Links inline\">El hallazgo fue realizado por agentes de la\u00a0Prefectura Nacional de Uruguay. De acuerdo con lo que trascendi\u00f3, el cad\u00e1ver no presentaba lesiones externas compatibles con la intervenci\u00f3n de terceros, por lo que una de las hip\u00f3tesis principales apunta a que el cuerpo habr\u00eda sido arrastrado por las\u00a0corrientes y los fuertes vientos\u00a0registrados en el\u00a0r\u00edo\u00a0durante los \u00faltimos d\u00edas.<\/p>\n<div class=\"inline ad-wrapper dfpAd ad-inline ad-text ad-component-container\" data-ad-wrapper=\"arcad\" data-ad-type=\"inline\" data-ad-slot=\"infobae\/sociedad\/nota\/inline\" data-ad-container=\"dfp\" data-ad-slot-name=\"infobae\/sociedad\/nota\/inline\">\n<p class=\"ad-shell-label\">PUBLICIDAD<\/p>\n<\/div>\n<p class=\"paragraph\" data-mrf-recirculation=\"Links inline\">Seg\u00fan medios platenses, la\u00a0Fiscal\u00eda Letrada de Atl\u00e1ntida\u00a0orden\u00f3 la realizaci\u00f3n de\u00a0pericias forenses\u00a0para determinar la causa de la muerte y confirmar la identidad de la v\u00edctima.<\/p>\n<p class=\"paragraph\" data-mrf-recirculation=\"Links inline\">El resultado de estos estudios ser\u00e1 determinante para establecer si se trata de uno de los cinco pescadores argentinos buscados hace casi tres semanas.<\/p>\n<p class=\"paragraph\" data-mrf-recirculation=\"Links inline\">Hasta el momento, solo han sido identificados los cuerpos de\u00a0Sebasti\u00e1n Romegialli, de 50 a\u00f1os, y\u00a0Carlos Kovach, quienes formaban parte del grupo que hab\u00eda salido a pescar a bordo de la embarcaci\u00f3n \u201cChamigo-Ho\u201d.<\/p>\n<div class=\"inline_2 ad-wrapper dfpAd ad-inline ad-text ad-component-container\" data-ad-wrapper=\"arcad\" data-ad-type=\"inline_2\" data-ad-slot=\"infobae\/sociedad\/nota\/inline_2\" data-ad-container=\"dfp\" data-ad-slot-name=\"infobae\/sociedad\/nota\/inline_2\">\n<p class=\"ad-shell-label\">PUBLICIDAD<\/p>\n<\/div>\n<p class=\"paragraph\" data-mrf-recirculation=\"Links inline\">El cuerpo de Romegialli fue encontrado el\u00a026 de junio, a unos\u00a060 kil\u00f3metros de la costa de Atalaya, cercano al l\u00edmite con Uruguay, luego de que la tripulaci\u00f3n de un\u00a0buque mercante\u00a0alertara a la\u00a0Armada uruguaya\u00a0sobre la presencia de un cad\u00e1ver flotando. Dos d\u00edas despu\u00e9s, el\u00a028 de junio, un nuevo rastrillaje permiti\u00f3 hallar el cad\u00e1ver de\u00a0Kovach\u00a0en aguas del\u00a0R\u00edo de la Plata, a la altura de\u00a0Punta Indio.<\/p>\n<p class=\"paragraph\" data-mrf-recirculation=\"Links inline\">El hombre ten\u00eda 60 a\u00f1os y era uno de los dos hermanos que integraban la tripulaci\u00f3n. Seg\u00fan la descripci\u00f3n, se trataba de un hombre de tez blanca, 1,89 metros de altura, contextura delgada, semicalvo, con barba candado y ojos marrones.<\/p>\n<div class=\"ad_1 ad-wrapper dfpAd ad-1-al-6 ad-text ad-component-container\" data-ad-wrapper=\"arcad\" data-ad-type=\"ad_1\" data-ad-slot=\"infobae\/sociedad\/nota\/ad_1\" data-ad-container=\"dfp\" data-ad-slot-name=\"infobae\/sociedad\/nota\/ad_1\">\n<p class=\"ad-shell-label\">PUBLICIDAD<\/p>\n<\/div>\n<p class=\"paragraph\" data-mrf-recirculation=\"Links inline\">El cuerpo fue trasladado a la base operativa, donde trabaj\u00f3 la polic\u00eda cient\u00edfica y los familiares pudieron reconocerlo.<\/p>\n<p class=\"paragraph\" data-mrf-recirculation=\"Links inline\">Los cinco tripulantes que zarparon aquel domingo fueron Carlos y su hermano\u00a0Claudio Kovach, de 50 a\u00f1os, tambi\u00e9n de tez blanca, 1,79 metros de altura y contextura delgada, distinguible por dos tatuajes: un \u00e1guila en un hombro y un tigre en el otro.<\/p>\n<div class=\"ad_2 ad-wrapper dfpAd ad-1-al-6 ad-text ad-component-container\" data-ad-wrapper=\"arcad\" data-ad-type=\"ad_2\" data-ad-slot=\"infobae\/sociedad\/nota\/ad_2\" data-ad-container=\"dfp\" data-ad-slot-name=\"infobae\/sociedad\/nota\/ad_2\">\n<p class=\"ad-shell-label\">PUBLICIDAD<\/p>\n<\/div>\n<p class=\"paragraph\" data-mrf-recirculation=\"Links inline\">Adem\u00e1s estaban el conductor de la embarcaci\u00f3n,\u00a0Alejandro Boscardin, de 28 a\u00f1os, el m\u00e1s joven del grupo. Los otros dos integrantes eran\u00a0Dami\u00e1n Giubu, de 42 a\u00f1os, y\u00a0Romegialli, oriundo de Berazategui, quien seg\u00fan su perfil de LinkedIn era parte del Sindicato Unido de Educadores T\u00e9cnicos de la Rep\u00fablica Argentina (SUETRA) y hab\u00eda trabajado en CASAV, una empresa de elaboraci\u00f3n de bebidas gaseosas.<\/p>\n<p class=\"paragraph\" data-mrf-recirculation=\"Links inline\">Si los an\u00e1lisis confirman que el cuerpo localizado en Atl\u00e1ntida pertenece a otro miembro del grupo, ser\u00edan\u00a0tres las v\u00edctimas fatales identificadas\u00a0y quedar\u00edan\u00a0dos pescadores a\u00fan desaparecidos.<\/p>\n<div class=\"ad_3 ad-wrapper dfpAd ad-1-al-6 ad-text ad-component-container\" data-ad-wrapper=\"arcad\" data-ad-type=\"ad_3\" data-ad-slot=\"infobae\/sociedad\/nota\/ad_3\" data-ad-container=\"dfp\" data-ad-slot-name=\"infobae\/sociedad\/nota\/ad_3\">\n<p class=\"ad-shell-label\">PUBLICIDAD<\/p>\n<\/div>\n<div class=\"visual__image\"><picture><source srcset=\"https:\/\/www.infobae.com\/resizer\/v2\/A57Y6GIUPFBJ5B5UZF5MZ66GWQ.jpg?auth=60292b28d9d924e11481a345ec1e6c2d1786bc314e442bb19a02d0d3138bb0e2&amp;smart=true&amp;width=992&amp;height=826&amp;quality=85\" media=\"(min-width: 1000px)\" \/><source srcset=\"https:\/\/www.infobae.com\/resizer\/v2\/A57Y6GIUPFBJ5B5UZF5MZ66GWQ.jpg?auth=60292b28d9d924e11481a345ec1e6c2d1786bc314e442bb19a02d0d3138bb0e2&amp;smart=true&amp;width=768&amp;height=639&amp;quality=85\" media=\"(min-width: 768px)\" \/><source srcset=\"https:\/\/www.infobae.com\/resizer\/v2\/A57Y6GIUPFBJ5B5UZF5MZ66GWQ.jpg?auth=60292b28d9d924e11481a345ec1e6c2d1786bc314e442bb19a02d0d3138bb0e2&amp;smart=true&amp;width=577&amp;height=480&amp;quality=85\" media=\"(min-width: 580px)\" \/><source srcset=\"https:\/\/www.infobae.com\/resizer\/v2\/A57Y6GIUPFBJ5B5UZF5MZ66GWQ.jpg?auth=60292b28d9d924e11481a345ec1e6c2d1786bc314e442bb19a02d0d3138bb0e2&amp;smart=true&amp;width=420&amp;height=350&amp;quality=85\" media=\"(min-width: 350px)\" \/><source srcset=\"https:\/\/www.infobae.com\/resizer\/v2\/A57Y6GIUPFBJ5B5UZF5MZ66GWQ.jpg?auth=60292b28d9d924e11481a345ec1e6c2d1786bc314e442bb19a02d0d3138bb0e2&amp;smart=true&amp;width=350&amp;height=291&amp;quality=85\" media=\"(min-width: 80px)\" \/><img loading=\"lazy\" decoding=\"async\" class=\"global-image\" src=\"https:\/\/www.infobae.com\/resizer\/v2\/A57Y6GIUPFBJ5B5UZF5MZ66GWQ.jpg?auth=60292b28d9d924e11481a345ec1e6c2d1786bc314e442bb19a02d0d3138bb0e2&amp;smart=true&amp;width=350&amp;height=291&amp;quality=85\" alt=\"Claudio y Carlos Kovach, son dos hermanos fan\u00e1ticos de la pesca que sol\u00edan ir al R\u00edo de la Plata\n\" width=\"1080\" height=\"899\" \/><\/picture><\/div>\n<div><\/div>\n<div class=\"visual__image\">Claudio y Carlos Kovach, son dos hermanos fan\u00e1ticos de la pesca que sol\u00edan ir al R\u00edo de la Plata<\/div>\n<p class=\"paragraph\" data-mrf-recirculation=\"Links inline\">Los cinco hombres hab\u00edan partido durante la ma\u00f1ana del\u00a014 de junio\u00a0desde el\u00a0Camping Hudson, en Berazategui, con destino a una jornada de pesca de\u00a0pejerrey. La \u00faltima comunicaci\u00f3n con la embarcaci\u00f3n se report\u00f3 entre las\u00a06 y las 8.30\u00a0de ese d\u00eda.<\/p>\n<p class=\"paragraph\" data-mrf-recirculation=\"Links inline\">Ante la ausencia, sus familiares realizaron la denuncia y se activ\u00f3 un\u00a0amplio operativo de b\u00fasqueda\u00a0en diversos sectores del R\u00edo de la Plata, que incluy\u00f3 zonas de\u00a0Hudson, Berisso, Ensenada, Magdalena\u00a0y aguas jurisdiccionales de Uruguay.<\/p>\n","protected":false},"excerpt":{"rendered":"<p>Un\u00a0cuerpo sin vida\u00a0fue hallado en las \u00faltimas horas en la\u00a0costa de Atl\u00e1ntida, en el departamento uruguayo de\u00a0Canelones, y la Justicia investiga si corresponde a uno de los\u00a0cinco\u00a0pescadores argentinos desaparecidos\u00a0el pasado 14 de junio cuando salieron en lancha al\u00a0R\u00edo de la Plata. El hallazgo fue realizado por agentes de la\u00a0Prefectura Nacional de Uruguay. De acuerdo con &hellip;<\/p>\n","protected":false},"author":1,"featured_media":1110,"comment_status":"open","ping_status":"open","sticky":false,"template":"","format":"standard","meta":{"footnotes":""},"categories":[1],"tags":[],"class_list":["post-1109","post","type-post","status-publish","format-standard","has-post-thumbnail","hentry","category-internacionales"],"_links":{"self":[{"href":"https:\/\/actualidadcorrientes.com.ar\/index.php?rest_route=\/wp\/v2\/posts\/1109","targetHints":{"allow":["GET"]}}],"collection":[{"href":"https:\/\/actualidadcorrientes.com.ar\/index.php?rest_route=\/wp\/v2\/posts"}],"about":[{"href":"https:\/\/actualidadcorrientes.com.ar\/index.php?rest_route=\/wp\/v2\/types\/post"}],"author":[{"embeddable":true,"href":"https:\/\/actualidadcorrientes.com.ar\/index.php?rest_route=\/wp\/v2\/users\/1"}],"replies":[{"embeddable":true,"href":"https:\/\/actualidadcorrientes.com.ar\/index.php?rest_route=%2Fwp%2Fv2%2Fcomments&post=1109"}],"version-history":[{"count":1,"href":"https:\/\/actualidadcorrientes.com.ar\/index.php?rest_route=\/wp\/v2\/posts\/1109\/revisions"}],"predecessor-version":[{"id":1111,"href":"https:\/\/actualidadcorrientes.com.ar\/index.php?rest_route=\/wp\/v2\/posts\/1109\/revisions\/1111"}],"wp:featuredmedia":[{"embeddable":true,"href":"https:\/\/actualidadcorrientes.com.ar\/index.php?rest_route=\/wp\/v2\/media\/1110"}],"wp:attachment":[{"href":"https:\/\/actualidadcorrientes.com.ar\/index.php?rest_route=%2Fwp%2Fv2%2Fmedia&parent=1109"}],"wp:term":[{"taxonomy":"category","embeddable":true,"href":"https:\/\/actualidadcorrientes.com.ar\/index.php?rest_route=%2Fwp%2Fv2%2Fcategories&post=1109"},{"taxonomy":"post_tag","embeddable":true,"href":"https:\/\/actualidadcorrientes.com.ar\/index.php?rest_route=%2Fwp%2Fv2%2Ftags&post=1109"}],"curies":[{"name":"wp","href":"https:\/\/api.w.org\/{rel}","templated":true}]}}